{"id":11014,"date":"2026-04-07T20:38:13","date_gmt":"2026-04-07T19:38:13","guid":{"rendered":"https:\/\/activijoc.es\/?p=11014"},"modified":"2026-04-21T20:39:09","modified_gmt":"2026-04-21T19:39:09","slug":"talleres-sant-jordi-ideas","status":"publish","type":"post","link":"https:\/\/activijoc.es\/es\/talleres-sant-jordi-ideas\/","title":{"rendered":"Talleres de Sant Jordi para colegios y entidades: ideas para celebrarlo"},"content":{"rendered":"<p>La Diada de Sant Jordi es una de las fechas m\u00e1s se\u00f1aladas y esperadas en el calendario cultural catal\u00e1n. Para los colegios, ayuntamientos y entidades, representa una oportunidad \u00fanica para fomentar la lectura, la creatividad y el amor por las tradiciones. Organizar <strong><em>talleres de Sant Jordi<\/em><\/strong> bien estructurados es la clave para transformar esta celebraci\u00f3n en una experiencia educativa y memorable para ni\u00f1os y j\u00f3venes.<\/p>\n<p>Si eres responsable de coordinar las actividades de tu centro educativo o entidad, en este art\u00edculo encontrar\u00e1s propuestas innovadoras y consejos pr\u00e1cticos para organizar una jornada inolvidable que combine cultura, arte y diversi\u00f3n.<\/p>\n<h2>El valor educativo y cultural de la Diada<\/h2>\n<p>Celebrar <a href=\"https:\/\/www.planetadelibros.com\/blog\/actualidad\/15\/dias-internacionales\/13\/articulo\/dia-de-sant-jordi-que-es-y-como-se-celebra\/224\" target=\"_blank\" rel=\"noopener\">Sant Jordi <\/a>va mucho m\u00e1s all\u00e1 de regalar rosas y libros. Es un momento para sumergirse en la leyenda, explorar la literatura y desarrollar habilidades art\u00edsticas. Los <strong>talleres de Sant Jordi<\/strong> proporcionan un espacio donde los participantes pueden conectar activamente con la tradici\u00f3n en lugar de ser meros espectadores.<\/p>\n<p>Para las escuelas, estas actividades se integran perfectamente en el curr\u00edculo educativo, trabajando competencias transversales como la comprensi\u00f3n lectora, la expresi\u00f3n pl\u00e1stica y el trabajo en equipo. Para los ayuntamientos y entidades culturales, ofrecen una forma de dinamizar los espacios p\u00fablicos y fortalecer el tejido comunitario, reuniendo a familias en torno a una celebraci\u00f3n compartida.<\/p>\n<p>Adem\u00e1s, la realizaci\u00f3n de <a href=\"https:\/\/activijoc.es\/es\/beneficios-talleres-manuales-ciencia\/\" target=\"_blank\" rel=\"noopener\">manualidades <\/a>tem\u00e1ticas ayuda a los m\u00e1s peque\u00f1os a interiorizar los elementos clave de la festividad: el drag\u00f3n, la rosa, el caballero y la princesa, d\u00e1ndoles un nuevo significado a trav\u00e9s de sus propias creaciones.<\/p>\n<h3>Propuestas creativas para todas las edades<\/h3>\n<p>El \u00e9xito de cualquier evento radica en ofrecer opciones adaptadas a las diferentes etapas de desarrollo. Los <a href=\"https:\/\/activijoc.es\/es\/talleres-sant-jordi\/\" target=\"_blank\" rel=\"noopener\">mejores talleres de Sant Jordi<\/a>\u00a0son aquellos que permiten distintos niveles de complejidad, asegurando que tanto los ni\u00f1os de infantil como los de primaria encuentren un reto a su medida.<\/p>\n<p>A continuaci\u00f3n, presentamos algunas de las opciones m\u00e1s demandadas por centros educativos y entidades, dise\u00f1adas para maximizar la participaci\u00f3n y el aprendizaje:<\/p>\n<ul>\n<li><strong>Creaci\u00f3n de puntos de libro:<\/strong> Una actividad fundamental para promover la <a href=\"https:\/\/activijoc.es\/es\/talleres-creativos\/punto-de-libro-con-litografia\/\" target=\"_blank\" rel=\"noopener\">lectura<\/a>. Los participantes pueden dise\u00f1ar marcap\u00e1ginas utilizando diversas t\u00e9cnicas, desde el dibujo libre hasta la litograf\u00eda, creando un recuerdo \u00fatil que les acompa\u00f1ar\u00e1 en sus pr\u00f3ximas lecturas.<\/li>\n<li><strong>Elaboraci\u00f3n de rosas artesanales:<\/strong> Utilizando materiales como el fieltro o el papel, los ni\u00f1os aprenden a<a href=\"https:\/\/activijoc.es\/es\/talleres-sant-jordi\/rosas-sant-jordi\/\" target=\"_blank\" rel=\"noopener\"> confeccionar el s\u00edmbolo<\/a> por excelencia de la Diada. Es un taller excelente para trabajar la motricidad fina y la paciencia.<\/li>\n<li><strong>Construcci\u00f3n de dragones articulados:<\/strong> Una <a href=\"https:\/\/activijoc.es\/es\/talleres-sant-jordi\/taller-de-dragon-articulado-de-sant-jordi\/\" target=\"_blank\" rel=\"noopener\">propuesta din\u00e1mica<\/a> donde la ingenier\u00eda b\u00e1sica se une al arte. Los participantes ensamblan piezas para crear un drag\u00f3n con movimiento, estimulando la visi\u00f3n espacial y la creatividad.<\/li>\n<li><strong>T\u00edteres y marionetas:<\/strong> Ya sean de dedo o de palo, la creaci\u00f3n de los personajes de la leyenda permite organizar posteriormente peque\u00f1as<a href=\"https:\/\/activijoc.es\/es\/talleres-sant-jordi\/dragon-titere\/\" target=\"_blank\" rel=\"noopener\"> representaciones teatrales,<\/a> fomentando la expresi\u00f3n oral y la imaginaci\u00f3n.<\/li>\n<\/ul>\n<h3>C\u00f3mo estructurar la jornada festiva<\/h3>\n<p>La planificaci\u00f3n log\u00edstica es tan importante como la elecci\u00f3n de las actividades. Para que los <strong>talleres de Sant Jordi<\/strong> fluyan correctamente, especialmente cuando se manejan grupos grandes en colegios o plazas p\u00fablicas, es necesario establecer un sistema organizativo eficiente.<\/p>\n<p>Una estrategia efectiva es organizar el espacio en \u00abestaciones de creaci\u00f3n\u00bb. Cada estaci\u00f3n se dedica a una manualidad espec\u00edfica, permitiendo que los grupos roten de forma ordenada. Esto evita aglomeraciones y asegura que todos los participantes tengan acceso a los materiales y a la atenci\u00f3n de los monitores.<\/p>\n<table style=\"width: 100%; border-collapse: collapse; margin-top: 20px; margin-bottom: 20px;\">\n<thead>\n<tr style=\"background-color: #f0f0f0;\">\n<th style=\"border: 1px solid #ddd; padding: 12px; text-align: left;\"><strong>Tipo de Taller<\/strong><\/th>\n<th style=\"border: 1px solid #ddd; padding: 12px; text-align: left;\"><strong>Enfoque Educativo<\/strong><\/th>\n<th style=\"border: 1px solid #ddd; padding: 12px; text-align: left;\"><strong>Materiales Principales<\/strong><\/th>\n<th style=\"border: 1px solid #ddd; padding: 12px; text-align: left;\"><strong>Edad Recomendada<\/strong><\/th>\n<\/tr>\n<\/thead>\n<tbody>\n<tr>\n<td style=\"border: 1px solid #ddd; padding: 12px;\">Puntos de libro con litograf\u00eda<\/td>\n<td style=\"border: 1px solid #ddd; padding: 12px;\">Fomento de la lectura y t\u00e9cnicas de estampaci\u00f3n<\/td>\n<td style=\"border: 1px solid #ddd; padding: 12px;\">Cartulinas, tintas, sellos, plantillas<\/td>\n<td style=\"border: 1px solid #ddd; padding: 12px;\">A partir de 6 a\u00f1os<\/td>\n<\/tr>\n<tr style=\"background-color: #f9f9f9;\">\n<td style=\"border: 1px solid #ddd; padding: 12px;\">Rosas de fieltro<\/td>\n<td style=\"border: 1px solid #ddd; padding: 12px;\">Motricidad fina y trabajo textil b\u00e1sico<\/td>\n<td style=\"border: 1px solid #ddd; padding: 12px;\">Fieltro de colores, tijeras, pegamento especial<\/td>\n<td style=\"border: 1px solid #ddd; padding: 12px;\">A partir de 5 a\u00f1os<\/td>\n<\/tr>\n<tr>\n<td style=\"border: 1px solid #ddd; padding: 12px;\">Drag\u00f3n articulado<\/td>\n<td style=\"border: 1px solid #ddd; padding: 12px;\">Visi\u00f3n espacial y ensamblaje<\/td>\n<td style=\"border: 1px solid #ddd; padding: 12px;\">Cart\u00f3n, encuadernadores, colores<\/td>\n<td style=\"border: 1px solid #ddd; padding: 12px;\">A partir de 7 a\u00f1os<\/td>\n<\/tr>\n<tr style=\"background-color: #f9f9f9;\">\n<td style=\"border: 1px solid #ddd; padding: 12px;\">Figuras con arena<\/td>\n<td style=\"border: 1px solid #ddd; padding: 12px;\">Estimulaci\u00f3n sensorial y precisi\u00f3n<\/td>\n<td style=\"border: 1px solid #ddd; padding: 12px;\">Plantillas adhesivas, arenas de colores<\/td>\n<td style=\"border: 1px solid #ddd; padding: 12px;\">A partir de 4 a\u00f1os<\/td>\n<\/tr>\n<tr>\n<td style=\"border: 1px solid #ddd; padding: 12px;\">Escudos y espadas<\/td>\n<td style=\"border: 1px solid #ddd; padding: 12px;\">Juego simb\u00f3lico e imaginaci\u00f3n<\/td>\n<td style=\"border: 1px solid #ddd; padding: 12px;\">Cart\u00f3n grueso, pinturas, cintas<\/td>\n<td style=\"border: 1px solid #ddd; padding: 12px;\">A partir de 5 a\u00f1os<\/td>\n<\/tr>\n<\/tbody>\n<\/table>\n<h3>La importancia de contar con especialistas<\/h3>\n<p>Gestionar un evento con decenas o cientos de ni\u00f1os requiere experiencia. Delegar la organizaci\u00f3n de los talleres en profesionales del sector l\u00fadico-educativo garantiza no solo la calidad de las manualidades, sino tambi\u00e9n la seguridad y el buen desarrollo de la jornada.<\/p>\n<p>Los equipos especializados aportan monitores formados que saben c\u00f3mo captar la atenci\u00f3n de los ni\u00f1os, explicar las t\u00e9cnicas de forma clara y gestionar los tiempos. Adem\u00e1s, proveen todos los materiales necesarios, liberando a los organizadores del centro educativo o entidad de la compleja tarea de calcular y comprar suministros.<\/p>\n<p>En <a href=\"https:\/\/activijoc.es\/es\/\" target=\"_blank\" rel=\"noopener\">Activijoc<\/a>, contamos con una amplia trayectoria dise\u00f1ando y ejecutando talleres de Sant Jordi para instituciones de toda Catalu\u00f1a. Nuestro cat\u00e1logo incluye m\u00e1s de 15 propuestas diferentes, desde la creaci\u00f3n de banderolas hasta mosaicos tem\u00e1ticos, adaptables a cualquier espacio y presupuesto.<\/p>\n<p>Si deseas que la pr\u00f3xima Diada sea un \u00e9xito rotundo en tu colegio o municipio, la planificaci\u00f3n anticipada es fundamental. <a href=\"https:\/\/activijoc.es\/contacta\/\" target=\"_blank\" rel=\"noopener\">Contacta con nuestro equipo<\/a> para recibir asesoramiento personalizado y descubre c\u00f3mo podemos transformar tu celebraci\u00f3n de Sant Jordi en una experiencia cultural y creativa de primer nivel.<\/p>\n","protected":false},"excerpt":{"rendered":"<p>La Diada de Sant Jordi es una de las fechas m\u00e1s se\u00f1aladas y esperadas en el calendario cultural catal\u00e1n. Para los colegios, ayuntamientos y entidades, representa una oportunidad \u00fanica para fomentar la lectura, la creatividad y el amor por las tradiciones. Organizar talleres de Sant Jordi bien estructurados es la clave para transformar esta celebraci\u00f3n en una experiencia educativa y memorable para ni\u00f1os y j\u00f3venes. Si eres responsable de coordinar las actividades de tu centro educativo o entidad, en este art\u00edculo encontrar\u00e1s propuestas innovadoras y consejos pr\u00e1cticos para organizar una jornada inolvidable que combine cultura, arte y diversi\u00f3n. El valor educativo y cultural de la Diada Celebrar Sant Jordi va mucho m\u00e1s all\u00e1 de regalar rosas y libros. Es un momento para sumergirse en la leyenda, explorar la literatura y desarrollar habilidades art\u00edsticas. Los talleres de Sant Jordi proporcionan un [&hellip;]<\/p>\n","protected":false},"author":4,"featured_media":11015,"comment_status":"closed","ping_status":"closed","sticky":false,"template":"","format":"standard","meta":{"footnotes":""},"categories":[28],"tags":[517],"class_list":["post-11014","post","type-post","status-publish","format-standard","has-post-thumbnail","hentry","category-sin-categorizar","tag-talleres-de-sant-jordi"],"acf":[],"yoast_head":"<!-- This site is optimized with the Yoast SEO plugin v27.4 - https:\/\/yoast.com\/product\/yoast-seo-wordpress\/ -->\n<title>Talleres de Sant Jordi \u25b6 IDEAS para colegios y entidades<\/title>\n<meta name=\"description\" content=\"Talleres de Sant Jordi: descubre IDEAS creativas para celebrar la diada \u25b6 Fomenta la lectura y cultura. \u00a1Contacta con Activijoc!\" \/>\n<meta name=\"robots\" content=\"index, follow, max-snippet:-1, max-image-preview:large, max-video-preview:-1\" \/>\n<link rel=\"canonical\" href=\"https:\/\/activijoc.es\/es\/talleres-sant-jordi-ideas\/\" \/>\n<meta property=\"og:locale\" content=\"es_ES\" \/>\n<meta property=\"og:type\" content=\"article\" \/>\n<meta property=\"og:title\" content=\"Talleres de Sant Jordi \u25b6 IDEAS para colegios y entidades\" \/>\n<meta property=\"og:description\" content=\"Talleres de Sant Jordi: descubre IDEAS creativas para celebrar la diada \u25b6 Fomenta la lectura y cultura. \u00a1Contacta con Activijoc!\" \/>\n<meta property=\"og:url\" content=\"https:\/\/activijoc.es\/es\/talleres-sant-jordi-ideas\/\" \/>\n<meta property=\"og:site_name\" content=\"Activijoc\" \/>\n<meta property=\"article:published_time\" content=\"2026-04-07T19:38:13+00:00\" \/>\n<meta property=\"article:modified_time\" content=\"2026-04-21T19:39:09+00:00\" \/>\n<meta property=\"og:image\" content=\"https:\/\/activijoc.es\/wp-content\/uploads\/talleres-sant-jordi-colegios-entidades-ideas-celebrarlo-857.png\" \/>\n\t<meta property=\"og:image:width\" content=\"688\" \/>\n\t<meta property=\"og:image:height\" content=\"384\" \/>\n\t<meta property=\"og:image:type\" content=\"image\/png\" \/>\n<meta name=\"author\" content=\"activijoc\" \/>\n<meta name=\"twitter:card\" content=\"summary_large_image\" \/>\n<meta name=\"twitter:label1\" content=\"Escrito por\" \/>\n\t<meta name=\"twitter:data1\" content=\"activijoc\" \/>\n\t<meta name=\"twitter:label2\" content=\"Tiempo de lectura\" \/>\n\t<meta name=\"twitter:data2\" content=\"5 minutos\" \/>\n<script type=\"application\/ld+json\" class=\"yoast-schema-graph\">{\"@context\":\"https:\\\/\\\/schema.org\",\"@graph\":[{\"@type\":\"Article\",\"@id\":\"https:\\\/\\\/activijoc.es\\\/es\\\/talleres-sant-jordi-ideas\\\/#article\",\"isPartOf\":{\"@id\":\"https:\\\/\\\/activijoc.es\\\/es\\\/talleres-sant-jordi-ideas\\\/\"},\"author\":{\"name\":\"activijoc\",\"@id\":\"https:\\\/\\\/activijoc.es\\\/#\\\/schema\\\/person\\\/ae93bf0a87f90f8a43c6f57561a6dd78\"},\"headline\":\"Talleres de Sant Jordi para colegios y entidades: ideas para celebrarlo\",\"datePublished\":\"2026-04-07T19:38:13+00:00\",\"dateModified\":\"2026-04-21T19:39:09+00:00\",\"mainEntityOfPage\":{\"@id\":\"https:\\\/\\\/activijoc.es\\\/es\\\/talleres-sant-jordi-ideas\\\/\"},\"wordCount\":938,\"image\":{\"@id\":\"https:\\\/\\\/activijoc.es\\\/es\\\/talleres-sant-jordi-ideas\\\/#primaryimage\"},\"thumbnailUrl\":\"https:\\\/\\\/activijoc.es\\\/wp-content\\\/uploads\\\/talleres-sant-jordi-colegios-entidades-ideas-celebrarlo-857.png\",\"keywords\":[\"talleres de sant jordi\"],\"articleSection\":[\"Sin categorizar\"],\"inLanguage\":\"es\"},{\"@type\":\"WebPage\",\"@id\":\"https:\\\/\\\/activijoc.es\\\/es\\\/talleres-sant-jordi-ideas\\\/\",\"url\":\"https:\\\/\\\/activijoc.es\\\/es\\\/talleres-sant-jordi-ideas\\\/\",\"name\":\"Talleres de Sant Jordi \u25b6 IDEAS para colegios y entidades\",\"isPartOf\":{\"@id\":\"https:\\\/\\\/activijoc.es\\\/#website\"},\"primaryImageOfPage\":{\"@id\":\"https:\\\/\\\/activijoc.es\\\/es\\\/talleres-sant-jordi-ideas\\\/#primaryimage\"},\"image\":{\"@id\":\"https:\\\/\\\/activijoc.es\\\/es\\\/talleres-sant-jordi-ideas\\\/#primaryimage\"},\"thumbnailUrl\":\"https:\\\/\\\/activijoc.es\\\/wp-content\\\/uploads\\\/talleres-sant-jordi-colegios-entidades-ideas-celebrarlo-857.png\",\"datePublished\":\"2026-04-07T19:38:13+00:00\",\"dateModified\":\"2026-04-21T19:39:09+00:00\",\"author\":{\"@id\":\"https:\\\/\\\/activijoc.es\\\/#\\\/schema\\\/person\\\/ae93bf0a87f90f8a43c6f57561a6dd78\"},\"description\":\"Talleres de Sant Jordi: descubre IDEAS creativas para celebrar la diada \u25b6 Fomenta la lectura y cultura. \u00a1Contacta con Activijoc!\",\"breadcrumb\":{\"@id\":\"https:\\\/\\\/activijoc.es\\\/es\\\/talleres-sant-jordi-ideas\\\/#breadcrumb\"},\"inLanguage\":\"es\",\"potentialAction\":[{\"@type\":\"ReadAction\",\"target\":[\"https:\\\/\\\/activijoc.es\\\/es\\\/talleres-sant-jordi-ideas\\\/\"]}]},{\"@type\":\"ImageObject\",\"inLanguage\":\"es\",\"@id\":\"https:\\\/\\\/activijoc.es\\\/es\\\/talleres-sant-jordi-ideas\\\/#primaryimage\",\"url\":\"https:\\\/\\\/activijoc.es\\\/wp-content\\\/uploads\\\/talleres-sant-jordi-colegios-entidades-ideas-celebrarlo-857.png\",\"contentUrl\":\"https:\\\/\\\/activijoc.es\\\/wp-content\\\/uploads\\\/talleres-sant-jordi-colegios-entidades-ideas-celebrarlo-857.png\",\"width\":688,\"height\":384,\"caption\":\"Talleres-de-Sant-Jordi-para-colegios-y-entidades-ideas-para-celebrarlo\"},{\"@type\":\"BreadcrumbList\",\"@id\":\"https:\\\/\\\/activijoc.es\\\/es\\\/talleres-sant-jordi-ideas\\\/#breadcrumb\",\"itemListElement\":[{\"@type\":\"ListItem\",\"position\":1,\"name\":\"Inici\",\"item\":\"https:\\\/\\\/activijoc.es\\\/es\\\/\"},{\"@type\":\"ListItem\",\"position\":2,\"name\":\"Talleres de Sant Jordi para colegios y entidades: ideas para celebrarlo\"}]},{\"@type\":\"WebSite\",\"@id\":\"https:\\\/\\\/activijoc.es\\\/#website\",\"url\":\"https:\\\/\\\/activijoc.es\\\/\",\"name\":\"Activijoc\",\"description\":\"Lloguer d&#039;activitats infantils i familiars\",\"potentialAction\":[{\"@type\":\"SearchAction\",\"target\":{\"@type\":\"EntryPoint\",\"urlTemplate\":\"https:\\\/\\\/activijoc.es\\\/?s={search_term_string}\"},\"query-input\":{\"@type\":\"PropertyValueSpecification\",\"valueRequired\":true,\"valueName\":\"search_term_string\"}}],\"inLanguage\":\"es\"},{\"@type\":\"Person\",\"@id\":\"https:\\\/\\\/activijoc.es\\\/#\\\/schema\\\/person\\\/ae93bf0a87f90f8a43c6f57561a6dd78\",\"name\":\"activijoc\",\"image\":{\"@type\":\"ImageObject\",\"inLanguage\":\"es\",\"@id\":\"https:\\\/\\\/secure.gravatar.com\\\/avatar\\\/b6a9009a8e01818c4d4d2ce34b865fcf73bf7a3cb979c38de3e45c1e6014207b?s=96&d=mm&r=g\",\"url\":\"https:\\\/\\\/secure.gravatar.com\\\/avatar\\\/b6a9009a8e01818c4d4d2ce34b865fcf73bf7a3cb979c38de3e45c1e6014207b?s=96&d=mm&r=g\",\"contentUrl\":\"https:\\\/\\\/secure.gravatar.com\\\/avatar\\\/b6a9009a8e01818c4d4d2ce34b865fcf73bf7a3cb979c38de3e45c1e6014207b?s=96&d=mm&r=g\",\"caption\":\"activijoc\"}}]}<\/script>\n<!-- \/ Yoast SEO plugin. -->","yoast_head_json":{"title":"Talleres de Sant Jordi \u25b6 IDEAS para colegios y entidades","description":"Talleres de Sant Jordi: descubre IDEAS creativas para celebrar la diada \u25b6 Fomenta la lectura y cultura. \u00a1Contacta con Activijoc!","robots":{"index":"index","follow":"follow","max-snippet":"max-snippet:-1","max-image-preview":"max-image-preview:large","max-video-preview":"max-video-preview:-1"},"canonical":"https:\/\/activijoc.es\/es\/talleres-sant-jordi-ideas\/","og_locale":"es_ES","og_type":"article","og_title":"Talleres de Sant Jordi \u25b6 IDEAS para colegios y entidades","og_description":"Talleres de Sant Jordi: descubre IDEAS creativas para celebrar la diada \u25b6 Fomenta la lectura y cultura. \u00a1Contacta con Activijoc!","og_url":"https:\/\/activijoc.es\/es\/talleres-sant-jordi-ideas\/","og_site_name":"Activijoc","article_published_time":"2026-04-07T19:38:13+00:00","article_modified_time":"2026-04-21T19:39:09+00:00","og_image":[{"width":688,"height":384,"url":"https:\/\/activijoc.es\/wp-content\/uploads\/talleres-sant-jordi-colegios-entidades-ideas-celebrarlo-857.png","type":"image\/png"}],"author":"activijoc","twitter_card":"summary_large_image","twitter_misc":{"Escrito por":"activijoc","Tiempo de lectura":"5 minutos"},"schema":{"@context":"https:\/\/schema.org","@graph":[{"@type":"Article","@id":"https:\/\/activijoc.es\/es\/talleres-sant-jordi-ideas\/#article","isPartOf":{"@id":"https:\/\/activijoc.es\/es\/talleres-sant-jordi-ideas\/"},"author":{"name":"activijoc","@id":"https:\/\/activijoc.es\/#\/schema\/person\/ae93bf0a87f90f8a43c6f57561a6dd78"},"headline":"Talleres de Sant Jordi para colegios y entidades: ideas para celebrarlo","datePublished":"2026-04-07T19:38:13+00:00","dateModified":"2026-04-21T19:39:09+00:00","mainEntityOfPage":{"@id":"https:\/\/activijoc.es\/es\/talleres-sant-jordi-ideas\/"},"wordCount":938,"image":{"@id":"https:\/\/activijoc.es\/es\/talleres-sant-jordi-ideas\/#primaryimage"},"thumbnailUrl":"https:\/\/activijoc.es\/wp-content\/uploads\/talleres-sant-jordi-colegios-entidades-ideas-celebrarlo-857.png","keywords":["talleres de sant jordi"],"articleSection":["Sin categorizar"],"inLanguage":"es"},{"@type":"WebPage","@id":"https:\/\/activijoc.es\/es\/talleres-sant-jordi-ideas\/","url":"https:\/\/activijoc.es\/es\/talleres-sant-jordi-ideas\/","name":"Talleres de Sant Jordi \u25b6 IDEAS para colegios y entidades","isPartOf":{"@id":"https:\/\/activijoc.es\/#website"},"primaryImageOfPage":{"@id":"https:\/\/activijoc.es\/es\/talleres-sant-jordi-ideas\/#primaryimage"},"image":{"@id":"https:\/\/activijoc.es\/es\/talleres-sant-jordi-ideas\/#primaryimage"},"thumbnailUrl":"https:\/\/activijoc.es\/wp-content\/uploads\/talleres-sant-jordi-colegios-entidades-ideas-celebrarlo-857.png","datePublished":"2026-04-07T19:38:13+00:00","dateModified":"2026-04-21T19:39:09+00:00","author":{"@id":"https:\/\/activijoc.es\/#\/schema\/person\/ae93bf0a87f90f8a43c6f57561a6dd78"},"description":"Talleres de Sant Jordi: descubre IDEAS creativas para celebrar la diada \u25b6 Fomenta la lectura y cultura. \u00a1Contacta con Activijoc!","breadcrumb":{"@id":"https:\/\/activijoc.es\/es\/talleres-sant-jordi-ideas\/#breadcrumb"},"inLanguage":"es","potentialAction":[{"@type":"ReadAction","target":["https:\/\/activijoc.es\/es\/talleres-sant-jordi-ideas\/"]}]},{"@type":"ImageObject","inLanguage":"es","@id":"https:\/\/activijoc.es\/es\/talleres-sant-jordi-ideas\/#primaryimage","url":"https:\/\/activijoc.es\/wp-content\/uploads\/talleres-sant-jordi-colegios-entidades-ideas-celebrarlo-857.png","contentUrl":"https:\/\/activijoc.es\/wp-content\/uploads\/talleres-sant-jordi-colegios-entidades-ideas-celebrarlo-857.png","width":688,"height":384,"caption":"Talleres-de-Sant-Jordi-para-colegios-y-entidades-ideas-para-celebrarlo"},{"@type":"BreadcrumbList","@id":"https:\/\/activijoc.es\/es\/talleres-sant-jordi-ideas\/#breadcrumb","itemListElement":[{"@type":"ListItem","position":1,"name":"Inici","item":"https:\/\/activijoc.es\/es\/"},{"@type":"ListItem","position":2,"name":"Talleres de Sant Jordi para colegios y entidades: ideas para celebrarlo"}]},{"@type":"WebSite","@id":"https:\/\/activijoc.es\/#website","url":"https:\/\/activijoc.es\/","name":"Activijoc","description":"Lloguer d&#039;activitats infantils i familiars","potentialAction":[{"@type":"SearchAction","target":{"@type":"EntryPoint","urlTemplate":"https:\/\/activijoc.es\/?s={search_term_string}"},"query-input":{"@type":"PropertyValueSpecification","valueRequired":true,"valueName":"search_term_string"}}],"inLanguage":"es"},{"@type":"Person","@id":"https:\/\/activijoc.es\/#\/schema\/person\/ae93bf0a87f90f8a43c6f57561a6dd78","name":"activijoc","image":{"@type":"ImageObject","inLanguage":"es","@id":"https:\/\/secure.gravatar.com\/avatar\/b6a9009a8e01818c4d4d2ce34b865fcf73bf7a3cb979c38de3e45c1e6014207b?s=96&d=mm&r=g","url":"https:\/\/secure.gravatar.com\/avatar\/b6a9009a8e01818c4d4d2ce34b865fcf73bf7a3cb979c38de3e45c1e6014207b?s=96&d=mm&r=g","contentUrl":"https:\/\/secure.gravatar.com\/avatar\/b6a9009a8e01818c4d4d2ce34b865fcf73bf7a3cb979c38de3e45c1e6014207b?s=96&d=mm&r=g","caption":"activijoc"}}]}},"_links":{"self":[{"href":"https:\/\/activijoc.es\/es\/wp-json\/wp\/v2\/posts\/11014","targetHints":{"allow":["GET"]}}],"collection":[{"href":"https:\/\/activijoc.es\/es\/wp-json\/wp\/v2\/posts"}],"about":[{"href":"https:\/\/activijoc.es\/es\/wp-json\/wp\/v2\/types\/post"}],"author":[{"embeddable":true,"href":"https:\/\/activijoc.es\/es\/wp-json\/wp\/v2\/users\/4"}],"replies":[{"embeddable":true,"href":"https:\/\/activijoc.es\/es\/wp-json\/wp\/v2\/comments?post=11014"}],"version-history":[{"count":1,"href":"https:\/\/activijoc.es\/es\/wp-json\/wp\/v2\/posts\/11014\/revisions"}],"predecessor-version":[{"id":11105,"href":"https:\/\/activijoc.es\/es\/wp-json\/wp\/v2\/posts\/11014\/revisions\/11105"}],"wp:featuredmedia":[{"embeddable":true,"href":"https:\/\/activijoc.es\/es\/wp-json\/wp\/v2\/media\/11015"}],"wp:attachment":[{"href":"https:\/\/activijoc.es\/es\/wp-json\/wp\/v2\/media?parent=11014"}],"wp:term":[{"taxonomy":"category","embeddable":true,"href":"https:\/\/activijoc.es\/es\/wp-json\/wp\/v2\/categories?post=11014"},{"taxonomy":"post_tag","embeddable":true,"href":"https:\/\/activijoc.es\/es\/wp-json\/wp\/v2\/tags?post=11014"}],"curies":[{"name":"wp","href":"https:\/\/api.w.org\/{rel}","templated":true}]}}